{"id":1222,"date":"2025-02-24T13:32:38","date_gmt":"2025-02-24T12:32:38","guid":{"rendered":"https:\/\/campingripole.com\/?p=1222"},"modified":"2026-03-24T09:46:12","modified_gmt":"2026-03-24T08:46:12","slug":"week-end-randonnee-perigord-2","status":"publish","type":"post","link":"https:\/\/campingripole.com\/en\/week-end-randonnee-perigord-2\/","title":{"rendered":"Week-end Randonn\u00e9e et D\u00e9tente Septembre 2025"},"content":{"rendered":"\n<h2 class=\"wp-block-heading\">\ud83d\uddd3\ufe0f 5\u00a0au 7\u00a0septembre 2025<\/h2>\n\n\n\n<p>D\u00e9couvrez la beaut\u00e9 du <strong><a href=\"https:\/\/www.guide-du-perigord.com\/fr\/tourisme\/decouvrir\/visite-du-perigord\/le-perigord-vert.html\" target=\"_blank\" data-type=\"link\" data-id=\"https:\/\/www.guide-du-perigord.com\/fr\/tourisme\/decouvrir\/visite-du-perigord\/le-perigord-vert.html\" rel=\"noreferrer noopener\">P\u00e9rigord vert<\/a><\/strong>, un v\u00e9ritable paradis pour les amateurs de rando ! Profitez de ce <strong>week-end randonn\u00e9e<\/strong> dans le <strong>Parc Naturel R\u00e9gional P\u00e9rigord Limousin<\/strong>, ce territoire regorge de <strong>sentiers \u00e0 explorer<\/strong>. Impr\u00e9gnez-vous de son <strong>patrimoine naturel diversifi\u00e9<\/strong>, reflet de notre \u00e9cosyst\u00e8me pr\u00e9serv\u00e9, et <strong>partez \u00e0 la d\u00e9couverte de ses tr\u00e9sors g\u00e9ologiques<\/strong> et de ses <strong>sp\u00e9cialit\u00e9s culinaires p\u00e9rigourdines<\/strong> !<\/p>\n\n\n\n<h3 class=\"wp-block-heading\">D\u00e9roul\u00e9 du week-end :<\/h3>\n\n\n\n<ul class=\"wp-block-list\">\n<li>Accueil des randonneurs \u00e0 partir de 17h le jour J<\/li>\n\n\n\n<li><a href=\"https:\/\/campingripole.com\/hebergement\/bikini\/\" data-type=\"link\" data-id=\"https:\/\/campingripole.com\/hebergement\/bikini\/\">H\u00e9bergement tout confort pour 4 personnes<\/a> (draps et linge non fournis &#8211; possibilit\u00e9 d&#8217;achat de kit draps sur place)<\/li>\n\n\n\n<li>Restauration sur place en pension compl\u00e8te &#8211; pique-nique inclus<\/li>\n\n\n\n<li>Acc\u00e8s libre \u00e0 la piscine ou au sauna pour une d\u00e9tente bien m\u00e9rit\u00e9e<\/li>\n\n\n\n<li>D\u00e9part du camping jusqu&#8217;\u00e0 17h le J+2<\/li>\n<\/ul>\n\n\n\n<p><br><strong>Pot de Bienvenue offert.<\/strong><br>J : D\u00eener : Buffet de crudit\u00e9s &#8211; Grillades et accompagnement \u2013 Dessert &#8211; \u00bc vin \/ personne<br>J + 1 Petit d\u00e9jeuner : Jus d\u2019orange, boisson chaude, pain, beurre, confiture<\/p>\n\n\n\n<p><strong>9.30 h Randonn\u00e9e p\u00e9destre accompagn\u00e9e de 14 kms \u00e0 18 kms avec pique- nique<\/strong><br><em>(Possibilit\u00e9 de couper la boucle pour les d\u00e9butants)<\/em><\/p>\n\n\n\n<ul class=\"wp-block-list\">\n<li>J + 1 D\u00eener : Confit de canard \u2013 frites, salade &#8211; Dessert &#8211; \u00bc vin \/ personne<\/li>\n\n\n\n<li>J + 2 Petit d\u00e9jeuner : Jus d\u2019orange, boisson chaude, pain, beurre, confiture<br>D\u00e9jeuner : assiette de d\u00e9gustation (foie gras, magret s\u00e9ch\u00e9, grattons \u00e0 l\u2019ail, rillettes, pain grill\u00e9 et lit de salade) \u2013dessert &#8211; 1 verre de Bergerac moelleux<\/li>\n<\/ul>\n\n\n\n<p><strong>155 \u20ac <\/strong>par personne tout compris \u2013 sur inscriptions uniquement<\/p>\n\n\n\n<p>R\u00e9servez <a href=\"mailto:regine@campingripole.com\">par mail<\/a>.<br><br><em>Participants : sous r\u00e9serve de 15 personnes minimum \u00e0 45 maximum \u2013 amateurs de randonn\u00e9es faciles et de beaux paysages<\/em><\/p>\n\n\n<div id=\"rank-math-faq\" class=\"rank-math-block\">\n<div class=\"rank-math-list \">\n<div id=\"faq-question-1740587123733\" class=\"rank-math-list-item\">\n<h3 class=\"rank-math-question \">Quel est le niveau de difficult\u00e9 des randonn\u00e9es propos\u00e9es ?<\/h3>\n<div class=\"rank-math-answer \">\n\n<p>La randonn\u00e9e principale fait entre 14 et 18 km et est class\u00e9e <strong>facile \u00e0 mod\u00e9r\u00e9e<\/strong>. Une option plus courte est disponible pour les d\u00e9butants, afin que chacun puisse profiter du parcours \u00e0 son rythme.<\/p>\n\n<\/div>\n<\/div>\n<div id=\"faq-question-1740587173164\" class=\"rank-math-list-item\">\n<h3 class=\"rank-math-question \">Que faut-il pr\u00e9voir comme \u00e9quipement ?<\/h3>\n<div class=\"rank-math-answer \">\n\n<p>Il est recommand\u00e9 d&#8217;apporter :<br \/>&#8211; Des chaussures de randonn\u00e9e confortables<br \/>&#8211; Une tenue adapt\u00e9e \u00e0 la marche (et aux conditions m\u00e9t\u00e9o)<br \/>&#8211; Un petit sac \u00e0 dos pour vos affaires personnelles<br \/>&#8211; Une gourde pour vous hydrater pendant la marche<\/p>\n\n<\/div>\n<\/div>\n<div id=\"faq-question-1740587194068\" class=\"rank-math-list-item\">\n<h3 class=\"rank-math-question \">Comment se d\u00e9roule l\u2019h\u00e9bergement ?<\/h3>\n<div class=\"rank-math-answer \">\n\n<p>L\u2019h\u00e9bergement est pr\u00e9vu pour <strong>4 personnes par logement<\/strong>. Les draps et le linge de toilette ne sont pas fournis, mais il est possible d\u2019acheter un kit draps sur place.<\/p>\n\n<\/div>\n<\/div>\n<div id=\"faq-question-1740587208339\" class=\"rank-math-list-item\">\n<h3 class=\"rank-math-question \">Puis-je venir en famille ou avec des amis ?<\/h3>\n<div class=\"rank-math-answer \">\n\n<p>Oui, bien s\u00fbr ! Ce s\u00e9jour est parfait pour les groupes d&#8217;amis ou les familles souhaitant d\u00e9couvrir le P\u00e9rigord Vert ensemble. Toutefois, les enfants doivent \u00eatre accompagn\u00e9s d\u2019un adulte et \u00eatre capables de suivre la randonn\u00e9e.<\/p>\n\n<\/div>\n<\/div>\n<div id=\"faq-question-1740587220425\" class=\"rank-math-list-item\">\n<h3 class=\"rank-math-question \">Comment r\u00e9server ma place ?<\/h3>\n<div class=\"rank-math-answer \">\n\n<p>L&#8217;inscription se fait <strong>uniquement par mail<\/strong>. Il est important de r\u00e9server rapidement, car les places sont limit\u00e9es \u00e0 <strong>45 participants maximum<\/strong> et n\u00e9cessitent un minimum de <strong>15 inscrits<\/strong> pour confirmer l\u2019\u00e9v\u00e9nement.<\/p>\n\n<\/div>\n<\/div>\n<\/div>\n<\/div>","protected":false},"excerpt":{"rendered":"<h2 class=\"wp-block-heading\">\ud83d\uddd3\ufe0f 5\u00a0au 7\u00a0septembre 2025<\/h2>\n<p>D\u00e9couvrez la beaut\u00e9 du <strong><a href=\"https:\/\/www.guide-du-perigord.com\/fr\/tourisme\/decouvrir\/visite-du-perigord\/le-perigord-vert.html\" target=\"_blank\" data-type=\"link\" data-id=\"https:\/\/www.guide-du-perigord.com\/fr\/tourisme\/decouvrir\/visite-du-perigord\/le-perigord-vert.html\" rel=\"noreferrer noopener\">P\u00e9rigord vert<\/a><\/strong>, un v\u00e9ritable paradis pour les amateurs de rando ! Profitez de ce <strong>week-end randonn\u00e9e<\/strong> dans le <strong>Parc Naturel R\u00e9gional P\u00e9rigord Limousin<\/strong>, [&#8230;]<a class=\"blog-more\" href=\"https:\/\/campingripole.com\/en\/week-end-randonnee-perigord-2\/\">Read more<\/a><\/p>\n","protected":false},"author":1,"featured_media":1387,"comment_status":"closed","ping_status":"closed","sticky":false,"template":"","format":"standard","meta":{"_acf_changed":false,"neve_meta_sidebar":"","neve_meta_container":"","neve_meta_enable_content_width":"","neve_meta_content_width":0,"neve_meta_title_alignment":"","neve_meta_author_avatar":"","neve_post_elements_order":"","neve_meta_disable_header":"","neve_meta_disable_footer":"","neve_meta_disable_title":"","footnotes":""},"categories":[17],"tags":[],"class_list":["post-1222","post","type-post","status-publish","format-standard","has-post-thumbnail","hentry","category-evenements-precedents"],"acf":[],"_links":{"self":[{"href":"https:\/\/campingripole.com\/en\/wp-json\/wp\/v2\/posts\/1222","targetHints":{"allow":["GET"]}}],"collection":[{"href":"https:\/\/campingripole.com\/en\/wp-json\/wp\/v2\/posts"}],"about":[{"href":"https:\/\/campingripole.com\/en\/wp-json\/wp\/v2\/types\/post"}],"author":[{"embeddable":true,"href":"https:\/\/campingripole.com\/en\/wp-json\/wp\/v2\/users\/1"}],"replies":[{"embeddable":true,"href":"https:\/\/campingripole.com\/en\/wp-json\/wp\/v2\/comments?post=1222"}],"version-history":[{"count":5,"href":"https:\/\/campingripole.com\/en\/wp-json\/wp\/v2\/posts\/1222\/revisions"}],"predecessor-version":[{"id":1386,"href":"https:\/\/campingripole.com\/en\/wp-json\/wp\/v2\/posts\/1222\/revisions\/1386"}],"wp:featuredmedia":[{"embeddable":true,"href":"https:\/\/campingripole.com\/en\/wp-json\/wp\/v2\/media\/1387"}],"wp:attachment":[{"href":"https:\/\/campingripole.com\/en\/wp-json\/wp\/v2\/media?parent=1222"}],"wp:term":[{"taxonomy":"category","embeddable":true,"href":"https:\/\/campingripole.com\/en\/wp-json\/wp\/v2\/categories?post=1222"},{"taxonomy":"post_tag","embeddable":true,"href":"https:\/\/campingripole.com\/en\/wp-json\/wp\/v2\/tags?post=1222"}],"curies":[{"name":"wp","href":"https:\/\/api.w.org\/{rel}","templated":true}]}}