{"id":1713,"date":"2026-07-03T09:10:00","date_gmt":"2026-07-03T07:10:00","guid":{"rendered":"https:\/\/campingripole.com\/?p=1713"},"modified":"2026-03-24T09:50:50","modified_gmt":"2026-03-24T08:50:50","slug":"felibree-2026","status":"publish","type":"post","link":"https:\/\/campingripole.com\/en\/felibree-2026\/","title":{"rendered":"F\u00e9libr\u00e9e 2026, une grande f\u00eate occitane au c\u0153ur du P\u00e9rigord Vert"},"content":{"rendered":"\n<p>La F\u00e9libr\u00e9e 2026 sera l\u2019un des moments forts de l\u2019ann\u00e9e en Dordogne. Cette grande f\u00eate populaire, profond\u00e9ment ancr\u00e9e dans l\u2019identit\u00e9 du P\u00e9rigord, c\u00e9l\u00e9brera sa 105e \u00e9dition du 3 au 5 juillet 2026 dans la commune de 635 habitants d\u2019Abjat-sur-Bandiat.<\/p>\n\n\n\n<h2 class=\"wp-block-heading\">La F\u00e9libr\u00e9e en Dordogne, entre traditions et h\u00e9ritage<\/h2>\n\n\n\n<p>Chaque ann\u00e9e, la <a href=\"https:\/\/felibreeabjat2026.fr\" target=\"_blank\" rel=\"noopener\">F\u00e9libr\u00e9e <\/a>en Dordogne met \u00e0 l\u2019honneur la culture occitane. Costumes traditionnels, musiques, danses et d\u00e9coration du village forment un ensemble unique que l\u2019on ne retrouve nulle part ailleurs en Dordogne. L\u2019\u00e9dition 2026 promet une immersion totale dans cet h\u00e9ritage vivant.<\/p>\n\n\n\n<p>Cr\u00e9\u00e9e en 1903, la F\u00e9libr\u00e9e c\u00e9l\u00e8bre la langue d\u2019Oc et les traditions qui font la richesse du P\u00e9rigord. Accueillir cet \u00e9v\u00e9nement est un v\u00e9ritable honneur pour Abjat sur Bandiat, une commune situ\u00e9 au c\u0153ur du P\u00e9rigord Vert, territoire authentique et g\u00e9n\u00e9reux.<\/p>\n\n\n\n<p>Pendant trois jours du 3 au 5 juillet 2026, la place du village vibrera au rythme des spectacles occitans, des d\u00e9fil\u00e9s costum\u00e9s et des concerts. La grande f\u00eate prendra vie dans chaque rue, avec artisans, animations et d\u00e9monstrations rendant hommage au savoir-faire local.<\/p>\n\n\n\n<h2 class=\"wp-block-heading\">Un rendez-vous festif et convivial pour toute la famille<\/h2>\n\n\n\n<p><br>Au-del\u00e0 des animations traditionnelles, la&nbsp;F\u00e9libr\u00e9e de 2026&nbsp;proposera \u00e9galement de nombreux temps forts qui rythmeront ces trois journ\u00e9es. Les visiteurs pourront assister aux c\u00e9r\u00e9monies officielles d\u2019ouverture et de cl\u00f4ture, toujours tr\u00e8s attendues, o\u00f9 \u00e9lus, repr\u00e9sentants f\u00e9libr\u00e9ens et groupes occitans se r\u00e9unissent pour c\u00e9l\u00e9brer symboliquement la transmission de la culture.<\/p>\n\n\n\n<p>Les grandes danses collectives, entra\u00een\u00e9es par les musiciens du P\u00e9rigord, feront partie des moments les plus impressionnants, rassemblant habitants, touristes et troupes folkloriques dans une ambiance conviviale et joyeuse.<br><br>Pour les enfants, des animations d\u00e9di\u00e9es seront \u00e9galement propos\u00e9es : ateliers cr\u00e9atifs, jeux traditionnels du P\u00e9rigord et spectacles adapt\u00e9s leur permettront de vivre pleinement cette c\u00e9l\u00e9bration. La F\u00e9libr\u00e9e en dordogne reste avant tout une f\u00eate familiale, o\u00f9 chaque g\u00e9n\u00e9ration trouve sa place et partage le plaisir de c\u00e9l\u00e9brer ensemble la culture occitane.<\/p>\n\n\n\n<p>Si vous pr\u00e9voyez de participer \u00e0 la F\u00e9libr\u00e9e 2026, choisir un h\u00e9bergement proche est essentiel pour profiter pleinement de l\u2019\u00e9v\u00e9nement. Le Camping La Ripole, situ\u00e9 \u00e0 5 minutes d\u2019Abjat-sur-Bandiat, constitue une option id\u00e9ale, offrant calme, confort et un acc\u00e8s simplifi\u00e9 aux festivit\u00e9s tout au long du week-end.<\/p>\n\n\n\n<h2 class=\"wp-block-heading\">Profitez de notre camping pour votre s\u00e9jour en dordogne<\/h2>\n\n\n\n<p>Notre camping en Dordogne offre un cadre naturel reposant, parfait pour se d\u00e9tendre apr\u00e8s une journ\u00e9e festive. Ses emplacements spacieux, adapt\u00e9s aux tentes, caravanes et camping-cars, permettent de s\u00e9journer tout pr\u00e8s de la f\u00eate tout en pr\u00e9servant calme, confort et s\u00e9r\u00e9nit\u00e9 appr\u00e9ciable.<\/p>\n\n\n\n<p>Le Camping La Ripole propose \u00e9galement des locations et services pratiques pour faciliter votre s\u00e9jour. Entre nature, tranquillit\u00e9 et convivialit\u00e9, cela constitue un excellent point de chute pour vivre la F\u00e9libr\u00e9e dans les meilleures conditions possibles.<\/p>\n\n\n\n<p>Participer \u00e0 la F\u00e9libr\u00e9e, c\u2019est d\u00e9couvrir une facette unique du P\u00e9rigord.<br><a target=\"_blank\" rel=\"noreferrer noopener\" href=\"https:\/\/campingripole.com\/hebergements\/\">R\u00e9servez d\u00e8s maintenant votre s\u00e9jour&nbsp;<\/a>au camping La Ripole, id\u00e9al pour prolonger la f\u00eate tout en explorant les alentours et profiter pleinement d\u2019un cadre authentique et paisible.<\/p>\n","protected":false},"excerpt":{"rendered":"<p>La F\u00e9libr\u00e9e 2026 sera l\u2019un des moments forts de l\u2019ann\u00e9e en Dordogne. Cette grande f\u00eate populaire, profond\u00e9ment ancr\u00e9e dans l\u2019identit\u00e9 du P\u00e9rigord, c\u00e9l\u00e9brera sa 105e \u00e9dition du 3 au 5 juillet 2026 dans la commune de 635 [&#8230;]<a class=\"blog-more\" href=\"https:\/\/campingripole.com\/en\/felibree-2026\/\">Read more<\/a><\/p>\n","protected":false},"author":3,"featured_media":1714,"comment_status":"closed","ping_status":"closed","sticky":false,"template":"","format":"standard","meta":{"_acf_changed":false,"neve_meta_sidebar":"","neve_meta_container":"","neve_meta_enable_content_width":"","neve_meta_content_width":0,"neve_meta_title_alignment":"","neve_meta_author_avatar":"","neve_post_elements_order":"","neve_meta_disable_header":"","neve_meta_disable_footer":"","neve_meta_disable_title":"","footnotes":""},"categories":[18],"tags":[],"class_list":["post-1713","post","type-post","status-publish","format-standard","has-post-thumbnail","hentry","category-evenements-a-venir"],"acf":[],"_links":{"self":[{"href":"https:\/\/campingripole.com\/en\/wp-json\/wp\/v2\/posts\/1713","targetHints":{"allow":["GET"]}}],"collection":[{"href":"https:\/\/campingripole.com\/en\/wp-json\/wp\/v2\/posts"}],"about":[{"href":"https:\/\/campingripole.com\/en\/wp-json\/wp\/v2\/types\/post"}],"author":[{"embeddable":true,"href":"https:\/\/campingripole.com\/en\/wp-json\/wp\/v2\/users\/3"}],"replies":[{"embeddable":true,"href":"https:\/\/campingripole.com\/en\/wp-json\/wp\/v2\/comments?post=1713"}],"version-history":[{"count":1,"href":"https:\/\/campingripole.com\/en\/wp-json\/wp\/v2\/posts\/1713\/revisions"}],"predecessor-version":[{"id":1716,"href":"https:\/\/campingripole.com\/en\/wp-json\/wp\/v2\/posts\/1713\/revisions\/1716"}],"wp:featuredmedia":[{"embeddable":true,"href":"https:\/\/campingripole.com\/en\/wp-json\/wp\/v2\/media\/1714"}],"wp:attachment":[{"href":"https:\/\/campingripole.com\/en\/wp-json\/wp\/v2\/media?parent=1713"}],"wp:term":[{"taxonomy":"category","embeddable":true,"href":"https:\/\/campingripole.com\/en\/wp-json\/wp\/v2\/categories?post=1713"},{"taxonomy":"post_tag","embeddable":true,"href":"https:\/\/campingripole.com\/en\/wp-json\/wp\/v2\/tags?post=1713"}],"curies":[{"name":"wp","href":"https:\/\/api.w.org\/{rel}","templated":true}]}}